{"id":7290,"date":"2025-06-23T15:17:54","date_gmt":"2025-06-23T13:17:54","guid":{"rendered":"https:\/\/spa-castellane.fr\/?p=7290"},"modified":"2025-06-23T18:14:32","modified_gmt":"2025-06-23T16:14:32","slug":"weekend-benessere-a-castellane-itinerario-di-relax-tra-verdon-e-terme","status":"publish","type":"post","link":"https:\/\/spa-castellane.fr\/it\/week-end-bien-etre-a-castellane-itineraire-detente-entre-verdon-et-spa\/","title":{"rendered":"Weekend benessere a Castellane: un itinerario di relax tra il Verdon e le terme"},"content":{"rendered":"<style>.elementor-7290 .elementor-element.elementor-element-fbd4ba7{--display:flex;--overlay-opacity:0.5;}.elementor-7290 .elementor-element.elementor-element-fbd4ba7::before, .elementor-7290 .elementor-element.elementor-element-fbd4ba7 > .elementor-background-video-container::before, .elementor-7290 .elementor-element.elementor-element-fbd4ba7 > .e-con-inner > .elementor-background-video-container::before, .elementor-7290 .elementor-element.elementor-element-fbd4ba7 > .elementor-background-slideshow::before, .elementor-7290 .elementor-element.elementor-element-fbd4ba7 > .e-con-inner > .elementor-background-slideshow::before, .elementor-7290 .elementor-element.elementor-element-fbd4ba7 > .elementor-motion-effects-container > .elementor-motion-effects-layer::before{--background-overlay:'';background-color:#FDEEDF;}.elementor-7290 .elementor-element.elementor-element-a1aba1f{--display:flex;--min-height:811px;}.elementor-7290 .elementor-element.elementor-element-a1aba1f:not(.elementor-motion-effects-element-type-background), .elementor-7290 .elementor-element.elementor-element-a1aba1f > .elementor-motion-effects-container > .elementor-motion-effects-layer{background-image:url(\"https:\/\/spa-castellane.fr\/wp-content\/uploads\/2024\/02\/woman-getting-healing-body-massage-session-at-newest-spa.jpg\");background-size:cover;}.elementor-7290 .elementor-element.elementor-element-aef3863{text-align:center;}.elementor-7290 .elementor-element.elementor-element-aef3863 .elementor-heading-title{font-family:\"Playfair Display\", Sans-serif;font-size:52px;color:var( --e-global-color-f0e0728 );}.elementor-7290 .elementor-element.elementor-element-aef3863 > .elementor-widget-container{margin:4px 0px 0px 0px;background-color:var( --e-global-color-670ca85 );}.elementor-7290 .elementor-element.elementor-element-62e2827 img{height:500px;opacity:0;}.elementor-7290 .elementor-element.elementor-element-62e2827 > .elementor-widget-container{margin:172px 0px 0px 0px;}.elementor-7290 .elementor-element.elementor-element-3baccbe{--display:grid;--e-con-grid-template-columns:repeat(2, 1fr);--e-con-grid-template-rows:repeat(1, 1fr);--grid-auto-flow:row;}.elementor-7290 .elementor-element.elementor-element-dcdfbe7{--display:flex;}.elementor-7290 .elementor-element.elementor-element-3128d7f{--spacer-size:22px;}.elementor-7290 .elementor-element.elementor-element-b1bdd2a{color:var( --e-global-color-secondary );}.elementor-7290 .elementor-element.elementor-element-5b87962 .elementor-icon-box-wrapper{text-align:start;}.elementor-7290 .elementor-element.elementor-element-5b87962 .elementor-icon-box-title, .elementor-7290 .elementor-element.elementor-element-5b87962 .elementor-icon-box-title a{font-size:25px;font-weight:600;}.elementor-7290 .elementor-element.elementor-element-5b87962 .elementor-icon-box-title{color:var( --e-global-color-93e88bf );}.elementor-7290 .elementor-element.elementor-element-5b87962 .elementor-icon-box-description{color:var( --e-global-color-secondary );}.elementor-7290 .elementor-element.elementor-element-285f3d6 .elementor-heading-title{font-size:16px;font-weight:700;}.elementor-7290 .elementor-element.elementor-element-6efe00b{color:var( --e-global-color-text );}.elementor-7290 .elementor-element.elementor-element-6efe00b a{color:var( --e-global-color-3807e3d );}.elementor-7290 .elementor-element.elementor-element-654f392 .elementor-heading-title{font-size:16px;font-weight:700;}.elementor-7290 .elementor-element.elementor-element-a1d3cf1{color:var( --e-global-color-text );}.elementor-7290 .elementor-element.elementor-element-a1d3cf1 a{color:var( --e-global-color-3807e3d );}.elementor-7290 .elementor-element.elementor-element-716db23 .elementor-heading-title{font-size:16px;font-weight:700;}.elementor-7290 .elementor-element.elementor-element-bbf5d7a{color:var( --e-global-color-text );}.elementor-7290 .elementor-element.elementor-element-bbf5d7a a{color:var( --e-global-color-3807e3d );}.elementor-7290 .elementor-element.elementor-element-afe37d8 .elementor-icon-box-wrapper{text-align:start;}.elementor-7290 .elementor-element.elementor-element-afe37d8 .elementor-icon-box-title, .elementor-7290 .elementor-element.elementor-element-afe37d8 .elementor-icon-box-title a{font-size:25px;font-weight:600;}.elementor-7290 .elementor-element.elementor-element-afe37d8 .elementor-icon-box-title{color:var( --e-global-color-93e88bf );}.elementor-7290 .elementor-element.elementor-element-afe37d8 .elementor-icon-box-description{color:var( --e-global-color-secondary );}.elementor-7290 .elementor-element.elementor-element-92d447d .elementor-heading-title{font-size:16px;font-weight:700;}.elementor-7290 .elementor-element.elementor-element-24445bf{color:var( --e-global-color-text );}.elementor-7290 .elementor-element.elementor-element-24445bf a{color:var( --e-global-color-3807e3d );}.elementor-7290 .elementor-element.elementor-element-a59078e .elementor-heading-title{font-size:16px;font-weight:700;}.elementor-7290 .elementor-element.elementor-element-5d89a45{color:var( --e-global-color-text );}.elementor-7290 .elementor-element.elementor-element-5d89a45 a{color:var( --e-global-color-3807e3d );}.elementor-7290 .elementor-element.elementor-element-bb69fbc .elementor-icon-box-wrapper{text-align:start;}.elementor-7290 .elementor-element.elementor-element-bb69fbc .elementor-icon-box-title, .elementor-7290 .elementor-element.elementor-element-bb69fbc .elementor-icon-box-title a{font-size:25px;font-weight:600;}.elementor-7290 .elementor-element.elementor-element-bb69fbc .elementor-icon-box-title{color:var( --e-global-color-93e88bf );}.elementor-7290 .elementor-element.elementor-element-bb69fbc .elementor-icon-box-description{color:var( --e-global-color-secondary );}.elementor-7290 .elementor-element.elementor-element-469df59{color:var( --e-global-color-text );}.elementor-7290 .elementor-element.elementor-element-469df59 a{color:var( --e-global-color-3807e3d );}.elementor-7290 .elementor-element.elementor-element-a26ab9f .elementor-icon-box-wrapper{text-align:start;}.elementor-7290 .elementor-element.elementor-element-a26ab9f .elementor-icon-box-title, .elementor-7290 .elementor-element.elementor-element-a26ab9f .elementor-icon-box-title a{font-size:25px;font-weight:600;}.elementor-7290 .elementor-element.elementor-element-a26ab9f .elementor-icon-box-title{color:var( --e-global-color-93e88bf );}.elementor-7290 .elementor-element.elementor-element-a26ab9f .elementor-icon-box-description{color:var( --e-global-color-secondary );}.elementor-7290 .elementor-element.elementor-element-3c238e0{color:var( --e-global-color-text );}.elementor-7290 .elementor-element.elementor-element-3c238e0 a{color:var( --e-global-color-3807e3d );}.elementor-7290 .elementor-element.elementor-element-42e3043{--display:flex;--overlay-opacity:0.5;}.elementor-7290 .elementor-element.elementor-element-42e3043::before, .elementor-7290 .elementor-element.elementor-element-42e3043 > .elementor-background-video-container::before, .elementor-7290 .elementor-element.elementor-element-42e3043 > .e-con-inner > .elementor-background-video-container::before, .elementor-7290 .elementor-element.elementor-element-42e3043 > .elementor-background-slideshow::before, .elementor-7290 .elementor-element.elementor-element-42e3043 > .e-con-inner > .elementor-background-slideshow::before, .elementor-7290 .elementor-element.elementor-element-42e3043 > .elementor-motion-effects-container > .elementor-motion-effects-layer::before{--background-overlay:'';background-color:#FDEEDF;}.elementor-7290 .elementor-element.elementor-element-fd27735{--display:grid;--e-con-grid-template-columns:repeat(2, 1fr);--e-con-grid-template-rows:repeat(1, 1fr);--grid-auto-flow:row;}.elementor-7290 .elementor-element.elementor-element-926f58e{--display:flex;}.elementor-7290 .elementor-element.elementor-element-a10aab9 .elementor-heading-title{font-size:34px;color:var( --e-global-color-3807e3d );}.elementor-7290 .elementor-element.elementor-element-4743340{--divider-border-style:solid;--divider-color:#CF701F;--divider-border-width:1px;}.elementor-7290 .elementor-element.elementor-element-4743340 .elementor-divider-separator{width:100%;}.elementor-7290 .elementor-element.elementor-element-4743340 .elementor-divider{padding-block-start:15px;padding-block-end:15px;}.elementor-7290 .elementor-element.elementor-element-cf8aa22{color:var( --e-global-color-text );}.elementor-7290 .elementor-element.elementor-element-cf8aa22 a{color:#970A5D;}.elementor-7290 .elementor-element.elementor-element-ee19fcb .elementor-button{background-color:var( --e-global-color-3807e3d );}.elementor-7290 .elementor-element.elementor-element-1e1fa1d{--display:flex;--overlay-opacity:0.5;}.elementor-7290 .elementor-element.elementor-element-1e1fa1d::before, .elementor-7290 .elementor-element.elementor-element-1e1fa1d > .elementor-background-video-container::before, .elementor-7290 .elementor-element.elementor-element-1e1fa1d > .e-con-inner > .elementor-background-video-container::before, .elementor-7290 .elementor-element.elementor-element-1e1fa1d > .elementor-background-slideshow::before, .elementor-7290 .elementor-element.elementor-element-1e1fa1d > .e-con-inner > .elementor-background-slideshow::before, .elementor-7290 .elementor-element.elementor-element-1e1fa1d > .elementor-motion-effects-container > .elementor-motion-effects-layer::before{--background-overlay:'';background-color:#FDEEDF;}.elementor-7290 .elementor-element.elementor-element-3fbbe1d .elementor-button{fill:var( --e-global-color-secondary );color:var( --e-global-color-secondary );background-color:var( --e-global-color-f0e0728 );}@media(max-width:1366px){.elementor-7290 .elementor-element.elementor-element-3baccbe{--grid-auto-flow:row;}.elementor-7290 .elementor-element.elementor-element-5b87962 .elementor-icon-box-title, .elementor-7290 .elementor-element.elementor-element-5b87962 .elementor-icon-box-title a{font-size:32px;}.elementor-7290 .elementor-element.elementor-element-afe37d8 .elementor-icon-box-title, .elementor-7290 .elementor-element.elementor-element-afe37d8 .elementor-icon-box-title a{font-size:32px;}.elementor-7290 .elementor-element.elementor-element-bb69fbc .elementor-icon-box-title, .elementor-7290 .elementor-element.elementor-element-bb69fbc .elementor-icon-box-title a{font-size:32px;}.elementor-7290 .elementor-element.elementor-element-a26ab9f .elementor-icon-box-title, .elementor-7290 .elementor-element.elementor-element-a26ab9f .elementor-icon-box-title a{font-size:32px;}.elementor-7290 .elementor-element.elementor-element-fd27735{--grid-auto-flow:row;}}@media(max-width:1200px){.elementor-7290 .elementor-element.elementor-element-aef3863 .elementor-heading-title{font-size:44px;}.elementor-7290 .elementor-element.elementor-element-3baccbe{--grid-auto-flow:row;}.elementor-7290 .elementor-element.elementor-element-fd27735{--grid-auto-flow:row;}.elementor-7290 .elementor-element.elementor-element-a10aab9{text-align:start;}.elementor-7290 .elementor-element.elementor-element-a10aab9 .elementor-heading-title{font-size:29px;}}@media(max-width:1024px){.elementor-7290 .elementor-element.elementor-element-aef3863 .elementor-heading-title{font-size:37px;}.elementor-7290 .elementor-element.elementor-element-3baccbe{--grid-auto-flow:row;}.elementor-7290 .elementor-element.elementor-element-fd27735{--grid-auto-flow:row;}.elementor-7290 .elementor-element.elementor-element-a10aab9 .elementor-heading-title{font-size:25px;}}@media(max-width:880px){.elementor-7290 .elementor-element.elementor-element-aef3863 .elementor-heading-title{font-size:34px;}.elementor-7290 .elementor-element.elementor-element-3baccbe{--grid-auto-flow:row;}.elementor-7290 .elementor-element.elementor-element-fd27735{--grid-auto-flow:row;}.elementor-7290 .elementor-element.elementor-element-a10aab9 .elementor-heading-title{font-size:22px;}}@media(max-width:767px){.elementor-7290 .elementor-element.elementor-element-a1aba1f{--min-height:818px;--justify-content:center;--align-items:center;--container-widget-width:calc( ( 1 - var( --container-widget-flex-grow ) ) * 100% );}.elementor-7290 .elementor-element.elementor-element-a1aba1f:not(.elementor-motion-effects-element-type-background), .elementor-7290 .elementor-element.elementor-element-a1aba1f > .elementor-motion-effects-container > .elementor-motion-effects-layer{background-position:center left;}.elementor-7290 .elementor-element.elementor-element-aef3863 .elementor-heading-title{font-size:30px;}.elementor-7290 .elementor-element.elementor-element-62e2827 img{height:459px;}.elementor-7290 .elementor-element.elementor-element-3baccbe{--e-con-grid-template-columns:repeat(1, 1fr);--grid-auto-flow:row;}.elementor-7290 .elementor-element.elementor-element-fd27735{--e-con-grid-template-columns:repeat(1, 1fr);--grid-auto-flow:row;}.elementor-7290 .elementor-element.elementor-element-a10aab9{text-align:center;}}<\/style>\t\t<div data-elementor-type=\"wp-post\" data-elementor-id=\"7290\" class=\"elementor elementor-7290\" data-elementor-post-type=\"post\">\n\t\t\t\t<div class=\"elementor-element elementor-element-fbd4ba7 e-flex e-con-boxed e-con e-parent\" data-id=\"fbd4ba7\" data-element_type=\"container\" data-e-type=\"container\">\n\t\t\t\t\t<div class=\"e-con-inner\">\n\t\t<div class=\"elementor-element elementor-element-a1aba1f e-con-full e-flex e-con e-child\" data-id=\"a1aba1f\" data-element_type=\"container\" data-e-type=\"container\" data-settings=\"{&quot;background_background&quot;:&quot;classic&quot;}\">\n\t\t\t\t<div class=\"elementor-element elementor-element-aef3863 elementor-widget elementor-widget-heading\" data-id=\"aef3863\" data-element_type=\"widget\" data-e-type=\"widget\" data-widget_type=\"heading.default\">\n\t\t\t\t<div class=\"elementor-widget-container\">\n\t\t\t\t\t<h1 class=\"elementor-heading-title elementor-size-default\">Weekend benessere a Castellane: un itinerario di relax tra il Verdon e le terme<\/h1>\t\t\t\t<\/div>\n\t\t\t\t<\/div>\n\t\t\t\t<div class=\"elementor-element elementor-element-62e2827 elementor-widget elementor-widget-image\" data-id=\"62e2827\" data-element_type=\"widget\" data-e-type=\"widget\" data-widget_type=\"image.default\">\n\t\t\t\t<div class=\"elementor-widget-container\">\n\t\t\t\t\t\t\t\t\t\t\t\t\t\t\t<img decoding=\"async\" src=\"https:\/\/spa-castellane.fr\/wp-content\/plugins\/elementor\/assets\/images\/placeholder.png\" title=\"\" alt=\"\" loading=\"lazy\" \/>\t\t\t\t\t\t\t\t\t\t\t\t\t\t\t<\/div>\n\t\t\t\t<\/div>\n\t\t\t\t<\/div>\n\t\t<div class=\"elementor-element elementor-element-3baccbe e-grid e-con-full e-con e-child\" data-id=\"3baccbe\" data-element_type=\"container\" data-e-type=\"container\">\n\t\t<div class=\"elementor-element elementor-element-dcdfbe7 e-con-full e-flex e-con e-child\" data-id=\"dcdfbe7\" data-element_type=\"container\" data-e-type=\"container\">\n\t\t\t\t<div class=\"elementor-element elementor-element-3128d7f elementor-widget elementor-widget-spacer\" data-id=\"3128d7f\" data-element_type=\"widget\" data-e-type=\"widget\" data-widget_type=\"spacer.default\">\n\t\t\t\t<div class=\"elementor-widget-container\">\n\t\t\t\t\t\t\t<div class=\"elementor-spacer\">\n\t\t\t<div class=\"elementor-spacer-inner\"><\/div>\n\t\t<\/div>\n\t\t\t\t\t\t<\/div>\n\t\t\t\t<\/div>\n\t\t\t\t<div class=\"elementor-element elementor-element-b1bdd2a elementor-widget elementor-widget-text-editor\" data-id=\"b1bdd2a\" data-element_type=\"widget\" data-e-type=\"widget\" data-widget_type=\"text-editor.default\">\n\t\t\t\t<div class=\"elementor-widget-container\">\n\t\t\t\t\t\t\t\t\t<h3 data-start=\"816\" data-end=\"864\">Concedetevi una pausa dal tran tran quotidiano<\/h3><p data-start=\"866\" data-end=\"1164\">Volete rilassarvi per un fine settimana? Castellane, un gioiello naturale nella regione delle Alpi dell'Alta Provenza, vi accoglie per una pausa di benessere. Immaginate un massaggio rilassante, una spa privata, una notte in uno chalet o in un alloggio insolito... a due passi dalle Gole del Verdon.<\/p><p data-start=\"1166\" data-end=\"1251\">Questo \u00e8 il nostro <strong data-start=\"1178\" data-end=\"1213\">Itinerario benessere di 2 giorni<\/strong>Il luogo ideale per ricaricare le batterie.<\/p>\t\t\t\t\t\t\t\t<\/div>\n\t\t\t\t<\/div>\n\t\t\t\t<\/div>\n\t\t\t\t<div class=\"elementor-element elementor-element-caeae69 elementor-widget elementor-widget-image\" data-id=\"caeae69\" data-element_type=\"widget\" data-e-type=\"widget\" data-widget_type=\"image.default\">\n\t\t\t\t<div class=\"elementor-widget-container\">\n\t\t\t\t\t\t\t\t\t\t\t\t\t\t\t<img fetchpriority=\"high\" decoding=\"async\" width=\"650\" height=\"509\" src=\"https:\/\/spa-castellane.fr\/wp-content\/uploads\/2025\/05\/verdon.webp\" class=\"attachment-large size-large wp-image-7238\" alt=\"\" srcset=\"https:\/\/spa-castellane.fr\/wp-content\/uploads\/2025\/05\/verdon.webp 650w, https:\/\/spa-castellane.fr\/wp-content\/uploads\/2025\/05\/verdon-300x235.webp 300w, https:\/\/spa-castellane.fr\/wp-content\/uploads\/2025\/05\/verdon-15x12.webp 15w\" sizes=\"(max-width: 650px) 100vw, 650px\" \/>\t\t\t\t\t\t\t\t\t\t\t\t\t\t\t<\/div>\n\t\t\t\t<\/div>\n\t\t\t\t<\/div>\n\t\t\t\t<div class=\"elementor-element elementor-element-5b87962 elementor-widget elementor-widget-icon-box\" data-id=\"5b87962\" data-element_type=\"widget\" data-e-type=\"widget\" data-widget_type=\"icon-box.default\">\n\t\t\t\t<div class=\"elementor-widget-container\">\n\t\t\t\t\t\t\t<div class=\"elementor-icon-box-wrapper\">\n\n\t\t\t\n\t\t\t\t\t\t<div class=\"elementor-icon-box-content\">\n\n\t\t\t\t\t\t\t\t\t<h3 class=\"elementor-icon-box-title\">\n\t\t\t\t\t\t<span  >\n\t\t\t\t\t\t\t Giorno 1 - Accomodarsi, respirare, rilassarsi\t\t\t\t\t\t<\/span>\n\t\t\t\t\t<\/h3>\n\t\t\t\t\n\t\t\t\t\n\t\t\t<\/div>\n\t\t\t\n\t\t<\/div>\n\t\t\t\t\t\t<\/div>\n\t\t\t\t<\/div>\n\t\t\t\t<div class=\"elementor-element elementor-element-285f3d6 elementor-widget elementor-widget-heading\" data-id=\"285f3d6\" data-element_type=\"widget\" data-e-type=\"widget\" data-widget_type=\"heading.default\">\n\t\t\t\t<div class=\"elementor-widget-container\">\n\t\t\t\t\t<h2 class=\"elementor-heading-title elementor-size-default\">Mattina: arrivo e sistemazione al Camping La Ferme de Castellane<\/h2>\t\t\t\t<\/div>\n\t\t\t\t<\/div>\n\t\t\t\t<div class=\"elementor-element elementor-element-6efe00b elementor-widget elementor-widget-text-editor\" data-id=\"6efe00b\" data-element_type=\"widget\" data-e-type=\"widget\" data-widget_type=\"text-editor.default\">\n\t\t\t\t<div class=\"elementor-widget-container\">\n\t\t\t\t\t\t\t\t\t<p data-start=\"1380\" data-end=\"1676\">Situato a <strong data-start=\"1386\" data-end=\"1421\">proprio di fronte alla Spa Castellane<\/strong>, <span style=\"text-decoration: underline;\"><strong><a class=\"\" href=\"https:\/\/camping-la-ferme.com\" target=\"_new\" rel=\"noopener\" data-start=\"1423\" data-end=\"1474\">Campeggio La Ferme<\/a><\/strong><\/span> vi accoglie in un ambiente tranquillo e alberato.<br data-start=\"1520\" data-end=\"1523\" \/>Godetevi un <a href=\"https:\/\/camping-la-ferme.com\/hebergements\/#chalets\"><strong data-start=\"1537\" data-end=\"1560\">chalet confortevole<\/strong><\/a>o lasciarsi tentare da un <a href=\"https:\/\/camping-la-ferme.com\/hebergements\/#insolites\"><strong data-start=\"1592\" data-end=\"1616\">alloggio insolito<\/strong><\/a>perfetto per un'esperienza originale per due o per uno.<\/p><p data-start=\"1678\" data-end=\"1750\">\ud83d\udc49 Il vantaggio? <strong data-start=\"1694\" data-end=\"1748\">Potete raggiungere la spa a piedi in 30 secondi<\/strong> !<\/p>\t\t\t\t\t\t\t\t<\/div>\n\t\t\t\t<\/div>\n\t\t\t\t<div class=\"elementor-element elementor-element-654f392 elementor-widget elementor-widget-heading\" data-id=\"654f392\" data-element_type=\"widget\" data-e-type=\"widget\" data-widget_type=\"heading.default\">\n\t\t\t\t<div class=\"elementor-widget-container\">\n\t\t\t\t\t<h2 class=\"elementor-heading-title elementor-size-default\">Pomeriggio: il vostro momento di benessere alla Spa Castellane<\/h2>\t\t\t\t<\/div>\n\t\t\t\t<\/div>\n\t\t\t\t<div class=\"elementor-element elementor-element-a1d3cf1 elementor-widget elementor-widget-text-editor\" data-id=\"a1d3cf1\" data-element_type=\"widget\" data-e-type=\"widget\" data-widget_type=\"text-editor.default\">\n\t\t\t\t<div class=\"elementor-widget-container\">\n\t\t\t\t\t\t\t\t\t<ul data-start=\"1813\" data-end=\"1971\"><li data-start=\"1813\" data-end=\"1862\"><p data-start=\"1815\" data-end=\"1862\">30 minuti di <strong data-start=\"1825\" data-end=\"1853\">vasca idromassaggio privata\u00a0<\/strong><\/p><\/li><li data-start=\"1863\" data-end=\"1914\"><p data-start=\"1865\" data-end=\"1914\">30 minuti di <strong data-start=\"1875\" data-end=\"1894\">sauna o hammam<\/strong>secondo i vostri desideri<\/p><\/li><li data-start=\"1915\" data-end=\"1971\"><p data-start=\"1917\" data-end=\"1971\">Poi un <strong data-start=\"1925\" data-end=\"1969\">Massaggio personalizzato di 30 o 60 minuti<\/strong><\/p><\/li><\/ul><p data-start=\"1973\" data-end=\"2095\">Tutto \u00e8 pensato per aiutarvi a rilassarvi: un'atmosfera avvolgente, luci soffuse e un silenzio riposante.<\/p>\t\t\t\t\t\t\t\t<\/div>\n\t\t\t\t<\/div>\n\t\t\t\t<div class=\"elementor-element elementor-element-716db23 elementor-widget elementor-widget-heading\" data-id=\"716db23\" data-element_type=\"widget\" data-e-type=\"widget\" data-widget_type=\"heading.default\">\n\t\t\t\t<div class=\"elementor-widget-container\">\n\t\t\t\t\t<h2 class=\"elementor-heading-title elementor-size-default\">Sera: cena locale e notte di riposo<\/h2>\t\t\t\t<\/div>\n\t\t\t\t<\/div>\n\t\t\t\t<div class=\"elementor-element elementor-element-bbf5d7a elementor-widget elementor-widget-text-editor\" data-id=\"bbf5d7a\" data-element_type=\"widget\" data-e-type=\"widget\" data-widget_type=\"text-editor.default\">\n\t\t\t\t<div class=\"elementor-widget-container\">\n\t\t\t\t\t\t\t\t\t<p data-start=\"2145\" data-end=\"2280\">Provate un ristorante in centro, poi tornate al vostro alloggio per una notte tranquilla, cullati dalla quiete della campagna provenzale.<\/p>\t\t\t\t\t\t\t\t<\/div>\n\t\t\t\t<\/div>\n\t\t\t\t<div class=\"elementor-element elementor-element-afe37d8 elementor-widget elementor-widget-icon-box\" data-id=\"afe37d8\" data-element_type=\"widget\" data-e-type=\"widget\" data-widget_type=\"icon-box.default\">\n\t\t\t\t<div class=\"elementor-widget-container\">\n\t\t\t\t\t\t\t<div class=\"elementor-icon-box-wrapper\">\n\n\t\t\t\n\t\t\t\t\t\t<div class=\"elementor-icon-box-content\">\n\n\t\t\t\t\t\t\t\t\t<h3 class=\"elementor-icon-box-title\">\n\t\t\t\t\t\t<span  >\n\t\t\t\t\t\t\t Giorno 2 - Energia dolce e paesaggio del Verdon\t\t\t\t\t\t<\/span>\n\t\t\t\t\t<\/h3>\n\t\t\t\t\n\t\t\t\t\n\t\t\t<\/div>\n\t\t\t\n\t\t<\/div>\n\t\t\t\t\t\t<\/div>\n\t\t\t\t<\/div>\n\t\t\t\t<div class=\"elementor-element elementor-element-92d447d elementor-widget elementor-widget-heading\" data-id=\"92d447d\" data-element_type=\"widget\" data-e-type=\"widget\" data-widget_type=\"heading.default\">\n\t\t\t\t<div class=\"elementor-widget-container\">\n\t\t\t\t\t<h2 class=\"elementor-heading-title elementor-size-default\">Mattina: passeggiata o bagno nella natura<\/h2>\t\t\t\t<\/div>\n\t\t\t\t<\/div>\n\t\t\t\t<div class=\"elementor-element elementor-element-24445bf elementor-widget elementor-widget-text-editor\" data-id=\"24445bf\" data-element_type=\"widget\" data-e-type=\"widget\" data-widget_type=\"text-editor.default\">\n\t\t\t\t<div class=\"elementor-widget-container\">\n\t\t\t\t\t\t\t\t\t<p data-start=\"1380\" data-end=\"1676\">Passeggiate per il <strong>Ponte Roc<\/strong> o passeggiare lungo le rive del <strong>Verdon<\/strong>. Se il sole splende, ci sono numerosi punti di balneazione selvaggia che aspettano di essere esplorati.<\/p>\t\t\t\t\t\t\t\t<\/div>\n\t\t\t\t<\/div>\n\t\t\t\t<div class=\"elementor-element elementor-element-a59078e elementor-widget elementor-widget-heading\" data-id=\"a59078e\" data-element_type=\"widget\" data-e-type=\"widget\" data-widget_type=\"heading.default\">\n\t\t\t\t<div class=\"elementor-widget-container\">\n\t\t\t\t\t<h2 class=\"elementor-heading-title elementor-size-default\">Pranzo: pic-nic o pasto in terrazza\n<\/h2>\t\t\t\t<\/div>\n\t\t\t\t<\/div>\n\t\t\t\t<div class=\"elementor-element elementor-element-5d89a45 elementor-widget elementor-widget-text-editor\" data-id=\"5d89a45\" data-element_type=\"widget\" data-e-type=\"widget\" data-widget_type=\"text-editor.default\">\n\t\t\t\t<div class=\"elementor-widget-container\">\n\t\t\t\t\t\t\t\t\t<p data-start=\"1380\" data-end=\"1676\">Optate per un semplice pranzo locale prima di tornare a godervi la spa (facoltativa) o assaporare un momento di lettura o una siesta all'ombra.<\/p>\t\t\t\t\t\t\t\t<\/div>\n\t\t\t\t<\/div>\n\t\t\t\t<div class=\"elementor-element elementor-element-bb69fbc elementor-widget elementor-widget-icon-box\" data-id=\"bb69fbc\" data-element_type=\"widget\" data-e-type=\"widget\" data-widget_type=\"icon-box.default\">\n\t\t\t\t<div class=\"elementor-widget-container\">\n\t\t\t\t\t\t\t<div class=\"elementor-icon-box-wrapper\">\n\n\t\t\t\n\t\t\t\t\t\t<div class=\"elementor-icon-box-content\">\n\n\t\t\t\t\t\t\t\t\t<h3 class=\"elementor-icon-box-title\">\n\t\t\t\t\t\t<span  >\n\t\t\t\t\t\t\t\ud83d\udc8c Regalate a voi stessi (o a qualcun altro) questa pausa di benessere a Castellane\t\t\t\t\t\t<\/span>\n\t\t\t\t\t<\/h3>\n\t\t\t\t\n\t\t\t\t\t\t\t\t\t<p class=\"elementor-icon-box-description\">\n\t\t\t\t\t\tQuesto weekend pu\u00f2 essere utilizzato anche come regalo: le nostre carte regalo per la spa sono disponibili presso la Spa Castellane o possono essere ordinate telefonicamente.\t\t\t\t\t<\/p>\n\t\t\t\t\n\t\t\t<\/div>\n\t\t\t\n\t\t<\/div>\n\t\t\t\t\t\t<\/div>\n\t\t\t\t<\/div>\n\t\t\t\t<div class=\"elementor-element elementor-element-469df59 elementor-widget elementor-widget-text-editor\" data-id=\"469df59\" data-element_type=\"widget\" data-e-type=\"widget\" data-widget_type=\"text-editor.default\">\n\t\t\t\t<div class=\"elementor-widget-container\">\n\t\t\t\t\t\t\t\t\t<p data-start=\"1380\" data-end=\"1676\">\ud83d\udccd <strong data-start=\"2963\" data-end=\"3009\"><a href=\"https:\/\/spa-castellane.fr\/it\/\">Le Spa Castellane<\/a>\u00a0 \u2013 <\/strong>combinare natura, comfort e cura in un ambiente naturale eccezionale.<\/p>\t\t\t\t\t\t\t\t<\/div>\n\t\t\t\t<\/div>\n\t\t\t\t<div class=\"elementor-element elementor-element-a26ab9f elementor-widget elementor-widget-icon-box\" data-id=\"a26ab9f\" data-element_type=\"widget\" data-e-type=\"widget\" data-widget_type=\"icon-box.default\">\n\t\t\t\t<div class=\"elementor-widget-container\">\n\t\t\t\t\t\t\t<div class=\"elementor-icon-box-wrapper\">\n\n\t\t\t\n\t\t\t\t\t\t<div class=\"elementor-icon-box-content\">\n\n\t\t\t\t\t\t\t\t\t<h3 class=\"elementor-icon-box-title\">\n\t\t\t\t\t\t<span  >\n\t\t\t\t\t\t\t\ud83e\uddf3 In breve: il vostro weekend di benessere chiavi in mano\t\t\t\t\t\t<\/span>\n\t\t\t\t\t<\/h3>\n\t\t\t\t\n\t\t\t\t\n\t\t\t<\/div>\n\t\t\t\n\t\t<\/div>\n\t\t\t\t\t\t<\/div>\n\t\t\t\t<\/div>\n\t\t\t\t<div class=\"elementor-element elementor-element-3c238e0 elementor-widget elementor-widget-text-editor\" data-id=\"3c238e0\" data-element_type=\"widget\" data-e-type=\"widget\" data-widget_type=\"text-editor.default\">\n\t\t\t\t<div class=\"elementor-widget-container\">\n\t\t\t\t\t\t\t\t\t<ul><li data-start=\"3160\" data-end=\"3282\"><p data-start=\"3162\" data-end=\"3282\">\ud83c\udf3f <strong data-start=\"3165\" data-end=\"3180\">Hosting<\/strong> a <a class=\"\" href=\"https:\/\/camping-la-ferme.com\" target=\"_new\" rel=\"noopener\" data-start=\"3184\" data-end=\"3246\">Campeggio La Ferme de Castellane<\/a> : chalet, alloggi insoliti<\/p><\/li><li data-start=\"3283\" data-end=\"3327\"><p data-start=\"3285\" data-end=\"3327\">\ud83d\udc86\u200d\u2640\ufe0f Spa privata, massaggio personalizzato<\/p><\/li><li data-start=\"3328\" data-end=\"3363\"><p data-start=\"3330\" data-end=\"3363\">\ud83c\udfde\ufe0f Natura e dolci passeggiate<\/p><\/li><li data-start=\"3364\" data-end=\"3431\"><p data-start=\"3366\" data-end=\"3431\">\ud83d\udccd Tutti a Castellane, nel dipartimento delle Alpes-de-Haute-Provence (04120)<\/p><\/li><\/ul>\t\t\t\t\t\t\t\t<\/div>\n\t\t\t\t<\/div>\n\t\t\t\t\t<\/div>\n\t\t\t\t<\/div>\n\t\t<div class=\"elementor-element elementor-element-42e3043 e-flex e-con-boxed e-con e-parent\" data-id=\"42e3043\" data-element_type=\"container\" data-e-type=\"container\">\n\t\t\t\t\t<div class=\"e-con-inner\">\n\t\t<div class=\"elementor-element elementor-element-fd27735 e-grid e-con-full e-con e-child\" data-id=\"fd27735\" data-element_type=\"container\" data-e-type=\"container\">\n\t\t<div class=\"elementor-element elementor-element-926f58e e-con-full e-flex e-con e-child\" data-id=\"926f58e\" data-element_type=\"container\" data-e-type=\"container\">\n\t\t\t\t<div class=\"elementor-element elementor-element-a10aab9 elementor-widget elementor-widget-heading\" data-id=\"a10aab9\" data-element_type=\"widget\" data-e-type=\"widget\" data-widget_type=\"heading.default\">\n\t\t\t\t<div class=\"elementor-widget-container\">\n\t\t\t\t\t<h2 class=\"elementor-heading-title elementor-size-default\">Prenota online o per telefono<\/h2>\t\t\t\t<\/div>\n\t\t\t\t<\/div>\n\t\t\t\t<div class=\"elementor-element elementor-element-4743340 elementor-widget-divider--view-line elementor-widget elementor-widget-divider\" data-id=\"4743340\" data-element_type=\"widget\" data-e-type=\"widget\" data-widget_type=\"divider.default\">\n\t\t\t\t<div class=\"elementor-widget-container\">\n\t\t\t\t\t\t\t<div class=\"elementor-divider\">\n\t\t\t<span class=\"elementor-divider-separator\">\n\t\t\t\t\t\t<\/span>\n\t\t<\/div>\n\t\t\t\t\t\t<\/div>\n\t\t\t\t<\/div>\n\t\t\t\t<div class=\"elementor-element elementor-element-cf8aa22 elementor-widget elementor-widget-text-editor\" data-id=\"cf8aa22\" data-element_type=\"widget\" data-e-type=\"widget\" data-widget_type=\"text-editor.default\">\n\t\t\t\t<div class=\"elementor-widget-container\">\n\t\t\t\t\t\t\t\t\t<p>Fissare un appuntamento direttamente <strong><a href=\"https:\/\/www.fresha.com\/fr\/a\/spa-castellane-castellane-1282-chem-de-destourbes-04120-castellane-s0qqp71e\/all-offer?menu=true&amp;pId=878728\">online<\/a> <\/strong>o contattateci al numero 06 27 31 67 65.<\/p><p>\ud83d\udd58 Aprire <strong>tutti i giorni dalle 10.00 alle 18.00<\/strong> - prenotazione obbligatoria.<br \/>\ud83d\udccd Indirizzo: 1451 Chemin de Destourbes, 04120 Castellane<br \/>\ud83d\udecc <strong data-start=\"3573\" data-end=\"3603\">Prenota il tuo alloggio<\/strong> al Camping La Ferme : <a class=\"\" href=\"https:\/\/camping-la-ferme.com\" target=\"_new\" rel=\"noopener\" data-start=\"3626\" data-end=\"3678\">campeggio-la-ferme.com<\/a><\/p>\t\t\t\t\t\t\t\t<\/div>\n\t\t\t\t<\/div>\n\t\t\t\t<div class=\"elementor-element elementor-element-ee19fcb elementor-align-right elementor-widget elementor-widget-button\" data-id=\"ee19fcb\" data-element_type=\"widget\" data-e-type=\"widget\" data-widget_type=\"button.default\">\n\t\t\t\t<div class=\"elementor-widget-container\">\n\t\t\t\t\t\t\t\t\t<div class=\"elementor-button-wrapper\">\n\t\t\t\t\t<a class=\"elementor-button elementor-button-link elementor-size-sm\" href=\"https:\/\/www.fresha.com\/fr\/a\/spa-castellane-castellane-1282-chem-de-destourbes-04120-castellane-s0qqp71e\/all-offer?menu=true&#038;pId=878728\">\n\t\t\t\t\t\t<span class=\"elementor-button-content-wrapper\">\n\t\t\t\t\t\t\t\t\t<span class=\"elementor-button-text\">Riserva<\/span>\n\t\t\t\t\t<\/span>\n\t\t\t\t\t<\/a>\n\t\t\t\t<\/div>\n\t\t\t\t\t\t\t\t<\/div>\n\t\t\t\t<\/div>\n\t\t\t\t<\/div>\n\t\t\t\t<div class=\"elementor-element elementor-element-d3a7fa7 elementor-widget elementor-widget-image\" data-id=\"d3a7fa7\" data-element_type=\"widget\" data-e-type=\"widget\" data-widget_type=\"image.default\">\n\t\t\t\t<div class=\"elementor-widget-container\">\n\t\t\t\t\t\t\t\t\t\t\t\t\t\t\t<img decoding=\"async\" width=\"800\" height=\"500\" src=\"https:\/\/spa-castellane.fr\/wp-content\/uploads\/2024\/05\/spa-cast4-e1717061162305-1024x640.jpg\" class=\"attachment-large size-large wp-image-6830\" alt=\"Jacuzzi Spa Castellane\" srcset=\"https:\/\/spa-castellane.fr\/wp-content\/uploads\/2024\/05\/spa-cast4-e1717061162305-1024x640.jpg 1024w, https:\/\/spa-castellane.fr\/wp-content\/uploads\/2024\/05\/spa-cast4-e1717061162305-300x188.jpg 300w, https:\/\/spa-castellane.fr\/wp-content\/uploads\/2024\/05\/spa-cast4-e1717061162305-768x480.jpg 768w, https:\/\/spa-castellane.fr\/wp-content\/uploads\/2024\/05\/spa-cast4-e1717061162305-1536x960.jpg 1536w, https:\/\/spa-castellane.fr\/wp-content\/uploads\/2024\/05\/spa-cast4-e1717061162305-18x12.jpg 18w, https:\/\/spa-castellane.fr\/wp-content\/uploads\/2024\/05\/spa-cast4-e1717061162305.jpg 1920w\" sizes=\"(max-width: 800px) 100vw, 800px\" \/>\t\t\t\t\t\t\t\t\t\t\t\t\t\t\t<\/div>\n\t\t\t\t<\/div>\n\t\t\t\t<\/div>\n\t\t\t\t\t<\/div>\n\t\t\t\t<\/div>\n\t\t<div class=\"elementor-element elementor-element-1e1fa1d e-flex e-con-boxed e-con e-parent\" data-id=\"1e1fa1d\" data-element_type=\"container\" data-e-type=\"container\">\n\t\t\t\t\t<div class=\"e-con-inner\">\n\t\t\t\t<div class=\"elementor-element elementor-element-3fbbe1d elementor-align-center elementor-widget elementor-widget-button\" data-id=\"3fbbe1d\" data-element_type=\"widget\" data-e-type=\"widget\" data-widget_type=\"button.default\">\n\t\t\t\t<div class=\"elementor-widget-container\">\n\t\t\t\t\t\t\t\t\t<div class=\"elementor-button-wrapper\">\n\t\t\t\t\t<a class=\"elementor-button elementor-button-link elementor-size-sm\" href=\"https:\/\/spa-castellane.fr\/it\/\">\n\t\t\t\t\t\t<span class=\"elementor-button-content-wrapper\">\n\t\t\t\t\t\t\t\t\t<span class=\"elementor-button-text\">Area benessere <\/span>\n\t\t\t\t\t<\/span>\n\t\t\t\t\t<\/a>\n\t\t\t\t<\/div>\n\t\t\t\t\t\t\t\t<\/div>\n\t\t\t\t<\/div>\n\t\t\t\t\t<\/div>\n\t\t\t\t<\/div>\n\t\t\t\t<\/div>","protected":false},"excerpt":{"rendered":"<p>Situata nel cuore delle Alpi dell'Alta Provenza, Castellane \u00e8 una destinazione popolare per i suoi paesaggi mozzafiato, le sue attivit\u00e0 all'aria aperta... e la sua arte di vivere. Dopo una giornata di escursioni nelle Gole del Verdon o una romantica passeggiata lungo il fiume, non c'\u00e8 niente di meglio di un momento di puro relax per due. Concedetevi un massaggio di coppia seguito da una seduta termale presso la Spa Castellane e godetevi un'esperienza indimenticabile per due.<\/p>","protected":false},"author":1,"featured_media":7351,"comment_status":"closed","ping_status":"closed","sticky":false,"template":"elementor_canvas","format":"standard","meta":{"footnotes":""},"categories":[1],"tags":[],"class_list":["post-7290","post","type-post","status-publish","format-standard","has-post-thumbnail","hentry","category-non-classe"],"yoast_head":"<!-- This site is optimized with the Yoast SEO plugin v27.2 - https:\/\/yoast.com\/product\/yoast-seo-wordpress\/ -->\n<title>Week-end bien-\u00eatre \u00e0 Castellane : spa, nature et relaxation<\/title>\n<meta name=\"description\" content=\"Offrez-vous un week-end d\u00e9tente \u00e0 Castellane : spa privatif, massage relaxant et h\u00e9bergement en chalet face au spa. \u00c9vadez-vous.\" \/>\n<meta name=\"robots\" content=\"index, follow, max-snippet:-1, max-image-preview:large, max-video-preview:-1\" \/>\n<link rel=\"canonical\" href=\"https:\/\/spa-castellane.fr\/it\/weekend-benessere-a-castellane-itinerario-di-relax-tra-verdon-e-terme\/\" \/>\n<meta property=\"og:locale\" content=\"it_IT\" \/>\n<meta property=\"og:type\" content=\"article\" \/>\n<meta property=\"og:title\" content=\"Week-end bien-\u00eatre \u00e0 Castellane : spa, nature et relaxation\" \/>\n<meta property=\"og:description\" content=\"Offrez-vous un week-end d\u00e9tente \u00e0 Castellane : spa privatif, massage relaxant et h\u00e9bergement en chalet face au spa. \u00c9vadez-vous.\" \/>\n<meta property=\"og:url\" content=\"https:\/\/spa-castellane.fr\/it\/weekend-benessere-a-castellane-itinerario-di-relax-tra-verdon-e-terme\/\" \/>\n<meta property=\"og:site_name\" content=\"Spa Castellane - Espace Bien-\u00catre\" \/>\n<meta property=\"article:published_time\" content=\"2025-06-23T13:17:54+00:00\" \/>\n<meta property=\"article:modified_time\" content=\"2025-06-23T16:14:32+00:00\" \/>\n<meta property=\"og:image\" content=\"https:\/\/spa-castellane.fr\/wp-content\/uploads\/2025\/06\/week-end-detente.webp\" \/>\n\t<meta property=\"og:image:width\" content=\"1195\" \/>\n\t<meta property=\"og:image:height\" content=\"994\" \/>\n\t<meta property=\"og:image:type\" content=\"image\/webp\" \/>\n<meta name=\"author\" content=\"florin\" \/>\n<meta name=\"twitter:card\" content=\"summary_large_image\" \/>\n<meta name=\"twitter:label1\" content=\"Scritto da\" \/>\n\t<meta name=\"twitter:data1\" content=\"florin\" \/>\n\t<meta name=\"twitter:label2\" content=\"Tempo di lettura stimato\" \/>\n\t<meta name=\"twitter:data2\" content=\"3 minuti\" \/>\n<script type=\"application\/ld+json\" class=\"yoast-schema-graph\">{\"@context\":\"https:\/\/schema.org\",\"@graph\":[{\"@type\":\"Article\",\"@id\":\"https:\/\/spa-castellane.fr\/week-end-bien-etre-a-castellane-itineraire-detente-entre-verdon-et-spa\/#article\",\"isPartOf\":{\"@id\":\"https:\/\/spa-castellane.fr\/week-end-bien-etre-a-castellane-itineraire-detente-entre-verdon-et-spa\/\"},\"author\":{\"name\":\"florin\",\"@id\":\"https:\/\/spa-castellane.fr\/#\/schema\/person\/0c2d5e72e100e5c4212502073821601d\"},\"headline\":\"Week-end bien-\u00eatre \u00e0 Castellane : itin\u00e9raire d\u00e9tente entre Verdon et Spa\",\"datePublished\":\"2025-06-23T13:17:54+00:00\",\"dateModified\":\"2025-06-23T16:14:32+00:00\",\"mainEntityOfPage\":{\"@id\":\"https:\/\/spa-castellane.fr\/week-end-bien-etre-a-castellane-itineraire-detente-entre-verdon-et-spa\/\"},\"wordCount\":448,\"publisher\":{\"@id\":\"https:\/\/spa-castellane.fr\/#organization\"},\"image\":{\"@id\":\"https:\/\/spa-castellane.fr\/week-end-bien-etre-a-castellane-itineraire-detente-entre-verdon-et-spa\/#primaryimage\"},\"thumbnailUrl\":\"https:\/\/spa-castellane.fr\/wp-content\/uploads\/2025\/06\/week-end-detente.webp\",\"articleSection\":[\"Non class\u00e9\"],\"inLanguage\":\"it-IT\"},{\"@type\":\"WebPage\",\"@id\":\"https:\/\/spa-castellane.fr\/week-end-bien-etre-a-castellane-itineraire-detente-entre-verdon-et-spa\/\",\"url\":\"https:\/\/spa-castellane.fr\/week-end-bien-etre-a-castellane-itineraire-detente-entre-verdon-et-spa\/\",\"name\":\"Week-end bien-\u00eatre \u00e0 Castellane : spa, nature et relaxation\",\"isPartOf\":{\"@id\":\"https:\/\/spa-castellane.fr\/#website\"},\"primaryImageOfPage\":{\"@id\":\"https:\/\/spa-castellane.fr\/week-end-bien-etre-a-castellane-itineraire-detente-entre-verdon-et-spa\/#primaryimage\"},\"image\":{\"@id\":\"https:\/\/spa-castellane.fr\/week-end-bien-etre-a-castellane-itineraire-detente-entre-verdon-et-spa\/#primaryimage\"},\"thumbnailUrl\":\"https:\/\/spa-castellane.fr\/wp-content\/uploads\/2025\/06\/week-end-detente.webp\",\"datePublished\":\"2025-06-23T13:17:54+00:00\",\"dateModified\":\"2025-06-23T16:14:32+00:00\",\"description\":\"Offrez-vous un week-end d\u00e9tente \u00e0 Castellane : spa privatif, massage relaxant et h\u00e9bergement en chalet face au spa. \u00c9vadez-vous.\",\"breadcrumb\":{\"@id\":\"https:\/\/spa-castellane.fr\/week-end-bien-etre-a-castellane-itineraire-detente-entre-verdon-et-spa\/#breadcrumb\"},\"inLanguage\":\"it-IT\",\"potentialAction\":[{\"@type\":\"ReadAction\",\"target\":[\"https:\/\/spa-castellane.fr\/week-end-bien-etre-a-castellane-itineraire-detente-entre-verdon-et-spa\/\"]}]},{\"@type\":\"ImageObject\",\"inLanguage\":\"it-IT\",\"@id\":\"https:\/\/spa-castellane.fr\/week-end-bien-etre-a-castellane-itineraire-detente-entre-verdon-et-spa\/#primaryimage\",\"url\":\"https:\/\/spa-castellane.fr\/wp-content\/uploads\/2025\/06\/week-end-detente.webp\",\"contentUrl\":\"https:\/\/spa-castellane.fr\/wp-content\/uploads\/2025\/06\/week-end-detente.webp\",\"width\":1195,\"height\":994},{\"@type\":\"BreadcrumbList\",\"@id\":\"https:\/\/spa-castellane.fr\/week-end-bien-etre-a-castellane-itineraire-detente-entre-verdon-et-spa\/#breadcrumb\",\"itemListElement\":[{\"@type\":\"ListItem\",\"position\":1,\"name\":\"Accueil\",\"item\":\"https:\/\/spa-castellane.fr\/\"},{\"@type\":\"ListItem\",\"position\":2,\"name\":\"Week-end bien-\u00eatre \u00e0 Castellane : itin\u00e9raire d\u00e9tente entre Verdon et Spa\"}]},{\"@type\":\"WebSite\",\"@id\":\"https:\/\/spa-castellane.fr\/#website\",\"url\":\"https:\/\/spa-castellane.fr\/\",\"name\":\"Camping La Ferme de Castellane\",\"description\":\"Un havre de s\u00e9r\u00e9nit\u00e9 o\u00f9 le stress s\u2019\u00e9vapore et la d\u00e9tente r\u00e8gne en ma\u00eetre.\",\"publisher\":{\"@id\":\"https:\/\/spa-castellane.fr\/#organization\"},\"potentialAction\":[{\"@type\":\"SearchAction\",\"target\":{\"@type\":\"EntryPoint\",\"urlTemplate\":\"https:\/\/spa-castellane.fr\/?s={search_term_string}\"},\"query-input\":{\"@type\":\"PropertyValueSpecification\",\"valueRequired\":true,\"valueName\":\"search_term_string\"}}],\"inLanguage\":\"it-IT\"},{\"@type\":\"Organization\",\"@id\":\"https:\/\/spa-castellane.fr\/#organization\",\"name\":\"Camping La Ferme de Castellane\",\"url\":\"https:\/\/spa-castellane.fr\/\",\"logo\":{\"@type\":\"ImageObject\",\"inLanguage\":\"it-IT\",\"@id\":\"https:\/\/spa-castellane.fr\/#\/schema\/logo\/image\/\",\"url\":\"https:\/\/spa-castellane.fr\/wp-content\/uploads\/2024\/05\/cropped-logoCS1pt1.png\",\"contentUrl\":\"https:\/\/spa-castellane.fr\/wp-content\/uploads\/2024\/05\/cropped-logoCS1pt1.png\",\"width\":300,\"height\":233,\"caption\":\"Camping La Ferme de Castellane\"},\"image\":{\"@id\":\"https:\/\/spa-castellane.fr\/#\/schema\/logo\/image\/\"}},{\"@type\":\"Person\",\"@id\":\"https:\/\/spa-castellane.fr\/#\/schema\/person\/0c2d5e72e100e5c4212502073821601d\",\"name\":\"florin\",\"image\":{\"@type\":\"ImageObject\",\"inLanguage\":\"it-IT\",\"@id\":\"https:\/\/secure.gravatar.com\/avatar\/94816641a431e4cffd124c1f6230a4de48cff004a633135e0bfe066d4a4c82a1?s=96&d=mm&r=g\",\"url\":\"https:\/\/secure.gravatar.com\/avatar\/94816641a431e4cffd124c1f6230a4de48cff004a633135e0bfe066d4a4c82a1?s=96&d=mm&r=g\",\"contentUrl\":\"https:\/\/secure.gravatar.com\/avatar\/94816641a431e4cffd124c1f6230a4de48cff004a633135e0bfe066d4a4c82a1?s=96&d=mm&r=g\",\"caption\":\"florin\"},\"sameAs\":[\"http:\/\/camping-la-ferme.com\"],\"url\":\"https:\/\/spa-castellane.fr\/it\/author\/florin\/\"}]}<\/script>\n<!-- \/ Yoast SEO plugin. -->","yoast_head_json":{"title":"Weekend benessere a Castellane: terme, natura e relax","description":"Concedetevi un weekend di relax a Castellane: spa privata, massaggio rilassante e alloggio in uno chalet di fronte alla spa. Allontanatevi da tutto.","robots":{"index":"index","follow":"follow","max-snippet":"max-snippet:-1","max-image-preview":"max-image-preview:large","max-video-preview":"max-video-preview:-1"},"canonical":"https:\/\/spa-castellane.fr\/it\/weekend-benessere-a-castellane-itinerario-di-relax-tra-verdon-e-terme\/","og_locale":"it_IT","og_type":"article","og_title":"Week-end bien-\u00eatre \u00e0 Castellane : spa, nature et relaxation","og_description":"Offrez-vous un week-end d\u00e9tente \u00e0 Castellane : spa privatif, massage relaxant et h\u00e9bergement en chalet face au spa. \u00c9vadez-vous.","og_url":"https:\/\/spa-castellane.fr\/it\/weekend-benessere-a-castellane-itinerario-di-relax-tra-verdon-e-terme\/","og_site_name":"Spa Castellane - Espace Bien-\u00catre","article_published_time":"2025-06-23T13:17:54+00:00","article_modified_time":"2025-06-23T16:14:32+00:00","og_image":[{"width":1195,"height":994,"url":"https:\/\/spa-castellane.fr\/wp-content\/uploads\/2025\/06\/week-end-detente.webp","type":"image\/webp"}],"author":"florin","twitter_card":"summary_large_image","twitter_misc":{"Scritto da":"florin","Tempo di lettura stimato":"3 minuti"},"schema":{"@context":"https:\/\/schema.org","@graph":[{"@type":"Article","@id":"https:\/\/spa-castellane.fr\/week-end-bien-etre-a-castellane-itineraire-detente-entre-verdon-et-spa\/#article","isPartOf":{"@id":"https:\/\/spa-castellane.fr\/week-end-bien-etre-a-castellane-itineraire-detente-entre-verdon-et-spa\/"},"author":{"name":"florin","@id":"https:\/\/spa-castellane.fr\/#\/schema\/person\/0c2d5e72e100e5c4212502073821601d"},"headline":"Week-end bien-\u00eatre \u00e0 Castellane : itin\u00e9raire d\u00e9tente entre Verdon et Spa","datePublished":"2025-06-23T13:17:54+00:00","dateModified":"2025-06-23T16:14:32+00:00","mainEntityOfPage":{"@id":"https:\/\/spa-castellane.fr\/week-end-bien-etre-a-castellane-itineraire-detente-entre-verdon-et-spa\/"},"wordCount":448,"publisher":{"@id":"https:\/\/spa-castellane.fr\/#organization"},"image":{"@id":"https:\/\/spa-castellane.fr\/week-end-bien-etre-a-castellane-itineraire-detente-entre-verdon-et-spa\/#primaryimage"},"thumbnailUrl":"https:\/\/spa-castellane.fr\/wp-content\/uploads\/2025\/06\/week-end-detente.webp","articleSection":["Non class\u00e9"],"inLanguage":"it-IT"},{"@type":"WebPage","@id":"https:\/\/spa-castellane.fr\/week-end-bien-etre-a-castellane-itineraire-detente-entre-verdon-et-spa\/","url":"https:\/\/spa-castellane.fr\/week-end-bien-etre-a-castellane-itineraire-detente-entre-verdon-et-spa\/","name":"Weekend benessere a Castellane: terme, natura e relax","isPartOf":{"@id":"https:\/\/spa-castellane.fr\/#website"},"primaryImageOfPage":{"@id":"https:\/\/spa-castellane.fr\/week-end-bien-etre-a-castellane-itineraire-detente-entre-verdon-et-spa\/#primaryimage"},"image":{"@id":"https:\/\/spa-castellane.fr\/week-end-bien-etre-a-castellane-itineraire-detente-entre-verdon-et-spa\/#primaryimage"},"thumbnailUrl":"https:\/\/spa-castellane.fr\/wp-content\/uploads\/2025\/06\/week-end-detente.webp","datePublished":"2025-06-23T13:17:54+00:00","dateModified":"2025-06-23T16:14:32+00:00","description":"Concedetevi un weekend di relax a Castellane: spa privata, massaggio rilassante e alloggio in uno chalet di fronte alla spa. Allontanatevi da tutto.","breadcrumb":{"@id":"https:\/\/spa-castellane.fr\/week-end-bien-etre-a-castellane-itineraire-detente-entre-verdon-et-spa\/#breadcrumb"},"inLanguage":"it-IT","potentialAction":[{"@type":"ReadAction","target":["https:\/\/spa-castellane.fr\/week-end-bien-etre-a-castellane-itineraire-detente-entre-verdon-et-spa\/"]}]},{"@type":"ImageObject","inLanguage":"it-IT","@id":"https:\/\/spa-castellane.fr\/week-end-bien-etre-a-castellane-itineraire-detente-entre-verdon-et-spa\/#primaryimage","url":"https:\/\/spa-castellane.fr\/wp-content\/uploads\/2025\/06\/week-end-detente.webp","contentUrl":"https:\/\/spa-castellane.fr\/wp-content\/uploads\/2025\/06\/week-end-detente.webp","width":1195,"height":994},{"@type":"BreadcrumbList","@id":"https:\/\/spa-castellane.fr\/week-end-bien-etre-a-castellane-itineraire-detente-entre-verdon-et-spa\/#breadcrumb","itemListElement":[{"@type":"ListItem","position":1,"name":"Accueil","item":"https:\/\/spa-castellane.fr\/"},{"@type":"ListItem","position":2,"name":"Week-end bien-\u00eatre \u00e0 Castellane : itin\u00e9raire d\u00e9tente entre Verdon et Spa"}]},{"@type":"WebSite","@id":"https:\/\/spa-castellane.fr\/#website","url":"https:\/\/spa-castellane.fr\/","name":"Campeggio La Ferme de Castellane","description":"Un'oasi di serenit\u00e0 dove lo stress evapora e il relax regna sovrano.","publisher":{"@id":"https:\/\/spa-castellane.fr\/#organization"},"potentialAction":[{"@type":"SearchAction","target":{"@type":"EntryPoint","urlTemplate":"https:\/\/spa-castellane.fr\/?s={search_term_string}"},"query-input":{"@type":"PropertyValueSpecification","valueRequired":true,"valueName":"search_term_string"}}],"inLanguage":"it-IT"},{"@type":"Organization","@id":"https:\/\/spa-castellane.fr\/#organization","name":"Campeggio La Ferme de Castellane","url":"https:\/\/spa-castellane.fr\/","logo":{"@type":"ImageObject","inLanguage":"it-IT","@id":"https:\/\/spa-castellane.fr\/#\/schema\/logo\/image\/","url":"https:\/\/spa-castellane.fr\/wp-content\/uploads\/2024\/05\/cropped-logoCS1pt1.png","contentUrl":"https:\/\/spa-castellane.fr\/wp-content\/uploads\/2024\/05\/cropped-logoCS1pt1.png","width":300,"height":233,"caption":"Camping La Ferme de Castellane"},"image":{"@id":"https:\/\/spa-castellane.fr\/#\/schema\/logo\/image\/"}},{"@type":"Person","@id":"https:\/\/spa-castellane.fr\/#\/schema\/person\/0c2d5e72e100e5c4212502073821601d","name":"fiorino","image":{"@type":"ImageObject","inLanguage":"it-IT","@id":"https:\/\/secure.gravatar.com\/avatar\/94816641a431e4cffd124c1f6230a4de48cff004a633135e0bfe066d4a4c82a1?s=96&d=mm&r=g","url":"https:\/\/secure.gravatar.com\/avatar\/94816641a431e4cffd124c1f6230a4de48cff004a633135e0bfe066d4a4c82a1?s=96&d=mm&r=g","contentUrl":"https:\/\/secure.gravatar.com\/avatar\/94816641a431e4cffd124c1f6230a4de48cff004a633135e0bfe066d4a4c82a1?s=96&d=mm&r=g","caption":"florin"},"sameAs":["http:\/\/camping-la-ferme.com"],"url":"https:\/\/spa-castellane.fr\/it\/author\/florin\/"}]}},"_links":{"self":[{"href":"https:\/\/spa-castellane.fr\/it\/wp-json\/wp\/v2\/posts\/7290","targetHints":{"allow":["GET"]}}],"collection":[{"href":"https:\/\/spa-castellane.fr\/it\/wp-json\/wp\/v2\/posts"}],"about":[{"href":"https:\/\/spa-castellane.fr\/it\/wp-json\/wp\/v2\/types\/post"}],"author":[{"embeddable":true,"href":"https:\/\/spa-castellane.fr\/it\/wp-json\/wp\/v2\/users\/1"}],"replies":[{"embeddable":true,"href":"https:\/\/spa-castellane.fr\/it\/wp-json\/wp\/v2\/comments?post=7290"}],"version-history":[{"count":43,"href":"https:\/\/spa-castellane.fr\/it\/wp-json\/wp\/v2\/posts\/7290\/revisions"}],"predecessor-version":[{"id":7334,"href":"https:\/\/spa-castellane.fr\/it\/wp-json\/wp\/v2\/posts\/7290\/revisions\/7334"}],"wp:featuredmedia":[{"embeddable":true,"href":"https:\/\/spa-castellane.fr\/it\/wp-json\/wp\/v2\/media\/7351"}],"wp:attachment":[{"href":"https:\/\/spa-castellane.fr\/it\/wp-json\/wp\/v2\/media?parent=7290"}],"wp:term":[{"taxonomy":"category","embeddable":true,"href":"https:\/\/spa-castellane.fr\/it\/wp-json\/wp\/v2\/categories?post=7290"},{"taxonomy":"post_tag","embeddable":true,"href":"https:\/\/spa-castellane.fr\/it\/wp-json\/wp\/v2\/tags?post=7290"}],"curies":[{"name":"wp","href":"https:\/\/api.w.org\/{rel}","templated":true}]}}